{"id":228,"date":"2023-07-03T13:48:00","date_gmt":"2023-07-03T11:48:00","guid":{"rendered":"https:\/\/siemianowiceprzeciwprzemocy.pl\/?p=228"},"modified":"2023-10-30T10:04:26","modified_gmt":"2023-10-30T09:04:26","slug":"konferencja-siemianowice-przeciw-przemocy","status":"publish","type":"post","link":"https:\/\/siemianowiceprzeciwprzemocy.pl\/?p=228","title":{"rendered":"Konferencja \u201eSiemianowice przeciw przemocy\u201d"},"content":{"rendered":"[et_pb_section admin_label=&#8221;section&#8221;]\n\t\t\t[et_pb_row admin_label=&#8221;row&#8221;]\n\t\t\t\t[et_pb_column type=&#8221;4_4&#8243;][et_pb_text admin_label=&#8221;Text&#8221;]\n<h2 class=\"wp-block-heading\">30.06.2023 r. w Hotelu Diament Vacanza w Siemianowicach \u015al\u0105skich odby\u0142a si\u0119 konferencja promuj\u0105ca Projekt pn.: \u201eSiemianowice przeciw przemocy\u201d, kt\u00f3rej gospodarzem by\u0142 Miejski O\u015brodek Pomocy Spo\u0142ecznej w Siemianowicach \u015al\u0105skich.<\/h2>\n\n\n\n<p>Wydarzenie odby\u0142o si\u0119 przy wsp\u00f3\u0142pracy z O\u015brodkiem Interwencji Kryzysowej i Komend\u0105 Miejsk\u0105 Policji w Siemianowicach \u015al\u0105skich.<\/p>\n\n\n\n<p>Przyby\u0142ych na konferencj\u0119 go\u015bci oraz prelegent\u00f3w przywita\u0142 Dyrektor Miejskiego O\u015brodka Pomocy Spo\u0142ecznej w Siemianowicach \u015al\u0105skich \u2013&nbsp; Mateusz Kacy, kt\u00f3ry wskaza\u0142 tak\u017ce jakie cele i za\u0142o\u017cenia przy\u015bwiecaj\u0105 powsta\u0142emu w ramach Projektu \u2013 Centrum dla Rodzin przy ul. Wr\u00f3blewskiego 10.<\/p>\n\n\n\n<p>W\u015br\u00f3d wyst\u0119puj\u0105cych prelegent\u00f3w znale\u017ali si\u0119 specjali\u015bci, kt\u00f3rzy na co dzie\u0144 dzia\u0142aj\u0105 w obszarze przeciwdzia\u0142ania przemocy domowej.<\/p>\n\n\n\n<p>Swoje referaty wyg\u0142osili: Agnieszka Szyma\u0144ska (Miejski O\u015brodek Pomocy Spo\u0142ecznej w Siemianowicach \u015al\u0105skich), podkom. Ewelina St\u0119pie\u0144 \u2013 Hajda (Wydzia\u0142 Prewencji Komendy Wojew\u00f3dzkiej Policji w Katowicach, wojew\u00f3dzki koordynator ds. przeciwdzia\u0142ania przemocy domowej), Miros\u0142awa Bochner (psycholog), Agnieszka Szeptuch (psycholog, psychoterapeutka, superwizorka), Mirela Sadlik (kurator specjalista I Zespo\u0142u Kuratorskiej S\u0142u\u017cby S\u0105dowej przy S\u0105dzie Rejonowym w Siemianowicach \u015al\u0105skich), Edward Szeliga (Prezes Fundacji \u201ePOMOST\u201d z Zabrza, dyrektor o\u015brodka readaptacyjnego), Barbara \u0141\u0119\u017cak (terapeuta rodzinny Centrum Pomocy Rodzinie MODUS VIVENDI w Siemianowicach \u015al\u0105skich) oraz Joanna Maj (psycholog, interwent kryzysowy w O\u015brodku Interwencji Kryzysowej w Siemianowicach \u015al\u0105skich).<\/p>\n\n\n\n<p>Podczas konferencji nast\u0105pi\u0142a tak\u017ce prezentacja dw\u00f3ch film\u00f3w promuj\u0105cych dzia\u0142ania podejmowane w ramach Projektu pn.: \u201eSiemianowice przeciw przemocy\u201d, w kt\u00f3rych wyst\u0105pili przedstawiciele s\u0142u\u017cb i instytucji z terenu naszego miasta, dzia\u0142aj\u0105cy na rzecz przeciwdzia\u0142ania przemocy domowej.<\/p>\n\n\n\n<p>Celem konferencji by\u0142o przedstawienie mo\u017cliwo\u015bci zmian w funkcjonowaniu systemu przeciwdzia\u0142ania przemocy domowej, a tym samym zmniejszenia skali wyst\u0119powania tego zjawiska w oparciu o innowacyjne i interdyscyplinarne rozwi\u0105zania, w tym poprzez utworzenie Centrum dla Rodzin.<\/p>\n\n\n\n<p>Organizacj\u0105 wydarzenia zaj\u0119\u0142a si\u0119 firma GENESIS Centrum Edukacyjno \u2013 Szkoleniowe.<\/p>\n\n\n\n<figure class=\"wp-block-gallery has-nested-images columns-default is-cropped wp-block-gallery-1 is-layout-flex wp-block-gallery-is-layout-flex\">\n<figure class=\"wp-block-image size-large\"><img decoding=\"async\" width=\"1024\" height=\"676\" data-id=\"232\" src=\"https:\/\/siemianowiceprzeciwprzemocy.pl\/wp-content\/uploads\/2023\/10\/1.jpg\" alt=\"\" class=\"wp-image-232\" srcset=\"https:\/\/siemianowiceprzeciwprzemocy.pl\/wp-content\/uploads\/2023\/10\/1.jpg 1024w, https:\/\/siemianowiceprzeciwprzemocy.pl\/wp-content\/uploads\/2023\/10\/1-980x647.jpg 980w, https:\/\/siemianowiceprzeciwprzemocy.pl\/wp-content\/uploads\/2023\/10\/1-480x317.jpg 480w\" sizes=\"(min-width: 0px) and (max-width: 480px) 480px, (min-width: 481px) and (max-width: 980px) 980px, (min-width: 981px) 1024px, 100vw\" \/><\/figure>\n\n\n\n<figure class=\"wp-block-image size-large\"><img decoding=\"async\" width=\"1024\" height=\"610\" data-id=\"233\" src=\"https:\/\/siemianowiceprzeciwprzemocy.pl\/wp-content\/uploads\/2023\/10\/3-1024x610.png\" alt=\"\" class=\"wp-image-233\" srcset=\"https:\/\/siemianowiceprzeciwprzemocy.pl\/wp-content\/uploads\/2023\/10\/3-1024x610.png 1024w, https:\/\/siemianowiceprzeciwprzemocy.pl\/wp-content\/uploads\/2023\/10\/3-980x583.png 980w, https:\/\/siemianowiceprzeciwprzemocy.pl\/wp-content\/uploads\/2023\/10\/3-480x286.png 480w\" sizes=\"(min-width: 0px) and (max-width: 480px) 480px, (min-width: 481px) and (max-width: 980px) 980px, (min-width: 981px) 1024px, 100vw\" \/><\/figure>\n\n\n\n<figure class=\"wp-block-image size-large\"><img decoding=\"async\" width=\"1024\" height=\"610\" data-id=\"235\" src=\"https:\/\/siemianowiceprzeciwprzemocy.pl\/wp-content\/uploads\/2023\/10\/4-1024x610.png\" alt=\"\" class=\"wp-image-235\" srcset=\"https:\/\/siemianowiceprzeciwprzemocy.pl\/wp-content\/uploads\/2023\/10\/4-1024x610.png 1024w, https:\/\/siemianowiceprzeciwprzemocy.pl\/wp-content\/uploads\/2023\/10\/4-980x584.png 980w, https:\/\/siemianowiceprzeciwprzemocy.pl\/wp-content\/uploads\/2023\/10\/4-480x286.png 480w\" sizes=\"(min-width: 0px) and (max-width: 480px) 480px, (min-width: 481px) and (max-width: 980px) 980px, (min-width: 981px) 1024px, 100vw\" \/><\/figure>\n\n\n\n<figure class=\"wp-block-image size-large\"><img decoding=\"async\" width=\"1024\" height=\"628\" data-id=\"236\" src=\"https:\/\/siemianowiceprzeciwprzemocy.pl\/wp-content\/uploads\/2023\/10\/5-1024x628.png\" alt=\"\" class=\"wp-image-236\" srcset=\"https:\/\/siemianowiceprzeciwprzemocy.pl\/wp-content\/uploads\/2023\/10\/5-1024x628.png 1024w, https:\/\/siemianowiceprzeciwprzemocy.pl\/wp-content\/uploads\/2023\/10\/5-980x601.png 980w, https:\/\/siemianowiceprzeciwprzemocy.pl\/wp-content\/uploads\/2023\/10\/5-480x294.png 480w\" sizes=\"(min-width: 0px) and (max-width: 480px) 480px, (min-width: 481px) and (max-width: 980px) 980px, (min-width: 981px) 1024px, 100vw\" \/><\/figure>\n\n\n\n<figure class=\"wp-block-image size-large\"><img decoding=\"async\" width=\"1200\" height=\"769\" data-id=\"234\" src=\"https:\/\/siemianowiceprzeciwprzemocy.pl\/wp-content\/uploads\/2023\/10\/6-1024x656.png\" alt=\"\" class=\"wp-image-234\" srcset=\"https:\/\/siemianowiceprzeciwprzemocy.pl\/wp-content\/uploads\/2023\/10\/6-1024x656.png 1200w, https:\/\/siemianowiceprzeciwprzemocy.pl\/wp-content\/uploads\/2023\/10\/6-980x628.png 980w, https:\/\/siemianowiceprzeciwprzemocy.pl\/wp-content\/uploads\/2023\/10\/6-480x308.png 480w\" sizes=\"(min-width: 0px) and (max-width: 480px) 480px, (min-width: 481px) and (max-width: 980px) 980px, (min-width: 981px) 1200px, 100vw\" \/><\/figure>\n<\/figure>\n[\/et_pb_text][\/et_pb_column]\n\t\t\t[\/et_pb_row]\n\t\t[\/et_pb_section]","protected":false},"excerpt":{"rendered":"<p>30.06.2023 r. w Hotelu Diament Vacanza w Siemianowicach \u015al\u0105skich odby\u0142a si\u0119 konferencja promuj\u0105ca Projekt pn.: \u201eSiemianowice przeciw przemocy\u201d, kt\u00f3rej gospodarzem by\u0142 Miejski O\u015brodek Pomocy Spo\u0142ecznej w Siemianowicach \u015al\u0105skich. Wydarzenie odby\u0142o si\u0119 przy wsp\u00f3\u0142pracy z O\u015brodkiem Interwencji Kryzysowej i Komend\u0105 Miejsk\u0105 Policji w Siemianowicach \u015al\u0105skich. Przyby\u0142ych na konferencj\u0119 go\u015bci oraz prelegent\u00f3w przywita\u0142 Dyrektor Miejskiego O\u015brodka Pomocy [&hellip;]<\/p>\n","protected":false},"author":4,"featured_media":230,"comment_status":"closed","ping_status":"open","sticky":false,"template":"","format":"standard","meta":{"_et_pb_use_builder":"on","_et_pb_old_content":"<!-- wp:heading -->\n<h2 class=\"wp-block-heading\">30.06.2023 r. w Hotelu Diament Vacanza w Siemianowicach \u015al\u0105skich odby\u0142a si\u0119 konferencja promuj\u0105ca Projekt pn.: \u201eSiemianowice przeciw przemocy\u201d, kt\u00f3rej gospodarzem by\u0142 Miejski O\u015brodek Pomocy Spo\u0142ecznej w Siemianowicach \u015al\u0105skich.<\/h2>\n<!-- \/wp:heading -->\n\n<!-- wp:paragraph -->\n<p>Wydarzenie odby\u0142o si\u0119 przy wsp\u00f3\u0142pracy z O\u015brodkiem Interwencji Kryzysowej i Komend\u0105 Miejsk\u0105 Policji w Siemianowicach \u015al\u0105skich.<\/p>\n<!-- \/wp:paragraph -->\n\n<!-- wp:paragraph -->\n<p>Przyby\u0142ych na konferencj\u0119 go\u015bci oraz prelegent\u00f3w przywita\u0142 Dyrektor Miejskiego O\u015brodka Pomocy Spo\u0142ecznej w Siemianowicach \u015al\u0105skich \u2013&nbsp; Mateusz Kacy, kt\u00f3ry wskaza\u0142 tak\u017ce jakie cele i za\u0142o\u017cenia przy\u015bwiecaj\u0105 powsta\u0142emu w ramach Projektu \u2013 Centrum dla Rodzin przy ul. Wr\u00f3blewskiego 10.<\/p>\n<!-- \/wp:paragraph -->\n\n<!-- wp:paragraph -->\n<p>W\u015br\u00f3d wyst\u0119puj\u0105cych prelegent\u00f3w znale\u017ali si\u0119 specjali\u015bci, kt\u00f3rzy na co dzie\u0144 dzia\u0142aj\u0105 w obszarze przeciwdzia\u0142ania przemocy domowej.<\/p>\n<!-- \/wp:paragraph -->\n\n<!-- wp:paragraph -->\n<p>Swoje referaty wyg\u0142osili: Agnieszka Szyma\u0144ska (Miejski O\u015brodek Pomocy Spo\u0142ecznej w Siemianowicach \u015al\u0105skich), podkom. Ewelina St\u0119pie\u0144 \u2013 Hajda (Wydzia\u0142 Prewencji Komendy Wojew\u00f3dzkiej Policji w Katowicach, wojew\u00f3dzki koordynator ds. przeciwdzia\u0142ania przemocy domowej), Miros\u0142awa Bochner (psycholog), Agnieszka Szeptuch (psycholog, psychoterapeutka, superwizorka), Mirela Sadlik (kurator specjalista I Zespo\u0142u Kuratorskiej S\u0142u\u017cby S\u0105dowej przy S\u0105dzie Rejonowym w Siemianowicach \u015al\u0105skich), Edward Szeliga (Prezes Fundacji \u201ePOMOST\u201d z Zabrza, dyrektor o\u015brodka readaptacyjnego), Barbara \u0141\u0119\u017cak (terapeuta rodzinny Centrum Pomocy Rodzinie MODUS VIVENDI w Siemianowicach \u015al\u0105skich) oraz Joanna Maj (psycholog, interwent kryzysowy w O\u015brodku Interwencji Kryzysowej w Siemianowicach \u015al\u0105skich).<\/p>\n<!-- \/wp:paragraph -->\n\n<!-- wp:paragraph -->\n<p>Podczas konferencji nast\u0105pi\u0142a tak\u017ce prezentacja dw\u00f3ch film\u00f3w promuj\u0105cych dzia\u0142ania podejmowane w ramach Projektu pn.: \u201eSiemianowice przeciw przemocy\u201d, w kt\u00f3rych wyst\u0105pili przedstawiciele s\u0142u\u017cb i instytucji z terenu naszego miasta, dzia\u0142aj\u0105cy na rzecz przeciwdzia\u0142ania przemocy domowej.<\/p>\n<!-- \/wp:paragraph -->\n\n<!-- wp:paragraph -->\n<p>Celem konferencji by\u0142o przedstawienie mo\u017cliwo\u015bci zmian w funkcjonowaniu systemu przeciwdzia\u0142ania przemocy domowej, a tym samym zmniejszenia skali wyst\u0119powania tego zjawiska w oparciu o innowacyjne i interdyscyplinarne rozwi\u0105zania, w tym poprzez utworzenie Centrum dla Rodzin.<\/p>\n<!-- \/wp:paragraph -->\n\n<!-- wp:paragraph -->\n<p>Organizacj\u0105 wydarzenia zaj\u0119\u0142a si\u0119 firma GENESIS Centrum Edukacyjno \u2013 Szkoleniowe.<\/p>\n<!-- \/wp:paragraph -->\n\n<!-- wp:gallery {\"linkTo\":\"none\"} -->\n<figure class=\"wp-block-gallery has-nested-images columns-default is-cropped\"><!-- wp:image {\"id\":232,\"sizeSlug\":\"large\",\"linkDestination\":\"none\"} -->\n<figure class=\"wp-block-image size-large\"><img src=\"https:\/\/siemianowiceprzeciwprzemocy.pl\/wp-content\/uploads\/2023\/10\/1.jpg\" alt=\"\" class=\"wp-image-232\"\/><\/figure>\n<!-- \/wp:image -->\n\n<!-- wp:image {\"id\":233,\"sizeSlug\":\"large\",\"linkDestination\":\"none\"} -->\n<figure class=\"wp-block-image size-large\"><img src=\"https:\/\/siemianowiceprzeciwprzemocy.pl\/wp-content\/uploads\/2023\/10\/3-1024x610.png\" alt=\"\" class=\"wp-image-233\"\/><\/figure>\n<!-- \/wp:image -->\n\n<!-- wp:image {\"id\":235,\"sizeSlug\":\"large\",\"linkDestination\":\"none\"} -->\n<figure class=\"wp-block-image size-large\"><img src=\"https:\/\/siemianowiceprzeciwprzemocy.pl\/wp-content\/uploads\/2023\/10\/4-1024x610.png\" alt=\"\" class=\"wp-image-235\"\/><\/figure>\n<!-- \/wp:image -->\n\n<!-- wp:image {\"id\":236,\"sizeSlug\":\"large\",\"linkDestination\":\"none\"} -->\n<figure class=\"wp-block-image size-large\"><img src=\"https:\/\/siemianowiceprzeciwprzemocy.pl\/wp-content\/uploads\/2023\/10\/5-1024x628.png\" alt=\"\" class=\"wp-image-236\"\/><\/figure>\n<!-- \/wp:image -->\n\n<!-- wp:image {\"id\":234,\"sizeSlug\":\"large\",\"linkDestination\":\"none\"} -->\n<figure class=\"wp-block-image size-large\"><img src=\"https:\/\/siemianowiceprzeciwprzemocy.pl\/wp-content\/uploads\/2023\/10\/6-1024x656.png\" alt=\"\" class=\"wp-image-234\"\/><\/figure>\n<!-- \/wp:image --><\/figure>\n<!-- \/wp:gallery -->","_et_gb_content_width":"","footnotes":""},"categories":[1],"tags":[],"class_list":["post-228","post","type-post","status-publish","format-standard","has-post-thumbnail","hentry","category-bez-kategorii"],"yoast_head":"<!-- This site is optimized with the Yoast SEO plugin v21.4 - https:\/\/yoast.com\/wordpress\/plugins\/seo\/ -->\n<title>Konferencja \u201eSiemianowice przeciw przemocy\u201d - Siemianowice Przeciw Przemocy<\/title>\n<meta name=\"robots\" content=\"index, follow, max-snippet:-1, max-image-preview:large, max-video-preview:-1\" \/>\n<link rel=\"canonical\" href=\"https:\/\/siemianowiceprzeciwprzemocy.pl\/?p=228\" \/>\n<meta property=\"og:locale\" content=\"en_US\" \/>\n<meta property=\"og:type\" content=\"article\" \/>\n<meta property=\"og:title\" content=\"Konferencja \u201eSiemianowice przeciw przemocy\u201d - Siemianowice Przeciw Przemocy\" \/>\n<meta property=\"og:description\" content=\"30.06.2023 r. w Hotelu Diament Vacanza w Siemianowicach \u015al\u0105skich odby\u0142a si\u0119 konferencja promuj\u0105ca Projekt pn.: \u201eSiemianowice przeciw przemocy\u201d, kt\u00f3rej gospodarzem by\u0142 Miejski O\u015brodek Pomocy Spo\u0142ecznej w Siemianowicach \u015al\u0105skich. Wydarzenie odby\u0142o si\u0119 przy wsp\u00f3\u0142pracy z O\u015brodkiem Interwencji Kryzysowej i Komend\u0105 Miejsk\u0105 Policji w Siemianowicach \u015al\u0105skich. Przyby\u0142ych na konferencj\u0119 go\u015bci oraz prelegent\u00f3w przywita\u0142 Dyrektor Miejskiego O\u015brodka Pomocy [&hellip;]\" \/>\n<meta property=\"og:url\" content=\"https:\/\/siemianowiceprzeciwprzemocy.pl\/?p=228\" \/>\n<meta property=\"og:site_name\" content=\"Siemianowice Przeciw Przemocy\" \/>\n<meta property=\"article:published_time\" content=\"2023-07-03T11:48:00+00:00\" \/>\n<meta property=\"article:modified_time\" content=\"2023-10-30T09:04:26+00:00\" \/>\n<meta property=\"og:image\" content=\"https:\/\/siemianowiceprzeciwprzemocy.pl\/wp-content\/uploads\/2023\/10\/2.png\" \/>\n\t<meta property=\"og:image:width\" content=\"883\" \/>\n\t<meta property=\"og:image:height\" content=\"720\" \/>\n\t<meta property=\"og:image:type\" content=\"image\/png\" \/>\n<meta name=\"author\" content=\"Gosia\" \/>\n<meta name=\"twitter:card\" content=\"summary_large_image\" \/>\n<meta name=\"twitter:label1\" content=\"Written by\" \/>\n\t<meta name=\"twitter:data1\" content=\"Gosia\" \/>\n\t<meta name=\"twitter:label2\" content=\"Est. reading time\" \/>\n\t<meta name=\"twitter:data2\" content=\"3 minutes\" \/>\n<script type=\"application\/ld+json\" class=\"yoast-schema-graph\">{\"@context\":\"https:\/\/schema.org\",\"@graph\":[{\"@type\":\"WebPage\",\"@id\":\"https:\/\/siemianowiceprzeciwprzemocy.pl\/?p=228\",\"url\":\"https:\/\/siemianowiceprzeciwprzemocy.pl\/?p=228\",\"name\":\"Konferencja \u201eSiemianowice przeciw przemocy\u201d - Siemianowice Przeciw Przemocy\",\"isPartOf\":{\"@id\":\"https:\/\/siemianowiceprzeciwprzemocy.pl\/#website\"},\"datePublished\":\"2023-07-03T11:48:00+00:00\",\"dateModified\":\"2023-10-30T09:04:26+00:00\",\"author\":{\"@id\":\"https:\/\/siemianowiceprzeciwprzemocy.pl\/#\/schema\/person\/46f5574658757dbe3723eb7010b123b3\"},\"breadcrumb\":{\"@id\":\"https:\/\/siemianowiceprzeciwprzemocy.pl\/?p=228#breadcrumb\"},\"inLanguage\":\"en-US\",\"potentialAction\":[{\"@type\":\"ReadAction\",\"target\":[\"https:\/\/siemianowiceprzeciwprzemocy.pl\/?p=228\"]}]},{\"@type\":\"BreadcrumbList\",\"@id\":\"https:\/\/siemianowiceprzeciwprzemocy.pl\/?p=228#breadcrumb\",\"itemListElement\":[{\"@type\":\"ListItem\",\"position\":1,\"name\":\"Strona g\u0142\u00f3wna\",\"item\":\"https:\/\/siemianowiceprzeciwprzemocy.pl\/\"},{\"@type\":\"ListItem\",\"position\":2,\"name\":\"Konferencja \u201eSiemianowice przeciw przemocy\u201d\"}]},{\"@type\":\"WebSite\",\"@id\":\"https:\/\/siemianowiceprzeciwprzemocy.pl\/#website\",\"url\":\"https:\/\/siemianowiceprzeciwprzemocy.pl\/\",\"name\":\"Siemianowice Przeciw Przemocy\",\"description\":\"Centrum dla Rodzin\",\"potentialAction\":[{\"@type\":\"SearchAction\",\"target\":{\"@type\":\"EntryPoint\",\"urlTemplate\":\"https:\/\/siemianowiceprzeciwprzemocy.pl\/?s={search_term_string}\"},\"query-input\":\"required name=search_term_string\"}],\"inLanguage\":\"en-US\"},{\"@type\":\"Person\",\"@id\":\"https:\/\/siemianowiceprzeciwprzemocy.pl\/#\/schema\/person\/46f5574658757dbe3723eb7010b123b3\",\"name\":\"Gosia\",\"image\":{\"@type\":\"ImageObject\",\"inLanguage\":\"en-US\",\"@id\":\"https:\/\/siemianowiceprzeciwprzemocy.pl\/#\/schema\/person\/image\/\",\"url\":\"https:\/\/secure.gravatar.com\/avatar\/328054ad6b4d071b1de3a8959935cc05922c21feb9c20b82ae2bf73f9982c4bc?s=96&d=mm&r=g\",\"contentUrl\":\"https:\/\/secure.gravatar.com\/avatar\/328054ad6b4d071b1de3a8959935cc05922c21feb9c20b82ae2bf73f9982c4bc?s=96&d=mm&r=g\",\"caption\":\"Gosia\"},\"url\":\"https:\/\/siemianowiceprzeciwprzemocy.pl\/?author=4\"}]}<\/script>\n<!-- \/ Yoast SEO plugin. -->","yoast_head_json":{"title":"Konferencja \u201eSiemianowice przeciw przemocy\u201d - Siemianowice Przeciw Przemocy","robots":{"index":"index","follow":"follow","max-snippet":"max-snippet:-1","max-image-preview":"max-image-preview:large","max-video-preview":"max-video-preview:-1"},"canonical":"https:\/\/siemianowiceprzeciwprzemocy.pl\/?p=228","og_locale":"en_US","og_type":"article","og_title":"Konferencja \u201eSiemianowice przeciw przemocy\u201d - Siemianowice Przeciw Przemocy","og_description":"30.06.2023 r. w Hotelu Diament Vacanza w Siemianowicach \u015al\u0105skich odby\u0142a si\u0119 konferencja promuj\u0105ca Projekt pn.: \u201eSiemianowice przeciw przemocy\u201d, kt\u00f3rej gospodarzem by\u0142 Miejski O\u015brodek Pomocy Spo\u0142ecznej w Siemianowicach \u015al\u0105skich. Wydarzenie odby\u0142o si\u0119 przy wsp\u00f3\u0142pracy z O\u015brodkiem Interwencji Kryzysowej i Komend\u0105 Miejsk\u0105 Policji w Siemianowicach \u015al\u0105skich. Przyby\u0142ych na konferencj\u0119 go\u015bci oraz prelegent\u00f3w przywita\u0142 Dyrektor Miejskiego O\u015brodka Pomocy [&hellip;]","og_url":"https:\/\/siemianowiceprzeciwprzemocy.pl\/?p=228","og_site_name":"Siemianowice Przeciw Przemocy","article_published_time":"2023-07-03T11:48:00+00:00","article_modified_time":"2023-10-30T09:04:26+00:00","og_image":[{"width":883,"height":720,"url":"https:\/\/siemianowiceprzeciwprzemocy.pl\/wp-content\/uploads\/2023\/10\/2.png","type":"image\/png"}],"author":"Gosia","twitter_card":"summary_large_image","twitter_misc":{"Written by":"Gosia","Est. reading time":"3 minutes"},"schema":{"@context":"https:\/\/schema.org","@graph":[{"@type":"WebPage","@id":"https:\/\/siemianowiceprzeciwprzemocy.pl\/?p=228","url":"https:\/\/siemianowiceprzeciwprzemocy.pl\/?p=228","name":"Konferencja \u201eSiemianowice przeciw przemocy\u201d - Siemianowice Przeciw Przemocy","isPartOf":{"@id":"https:\/\/siemianowiceprzeciwprzemocy.pl\/#website"},"datePublished":"2023-07-03T11:48:00+00:00","dateModified":"2023-10-30T09:04:26+00:00","author":{"@id":"https:\/\/siemianowiceprzeciwprzemocy.pl\/#\/schema\/person\/46f5574658757dbe3723eb7010b123b3"},"breadcrumb":{"@id":"https:\/\/siemianowiceprzeciwprzemocy.pl\/?p=228#breadcrumb"},"inLanguage":"en-US","potentialAction":[{"@type":"ReadAction","target":["https:\/\/siemianowiceprzeciwprzemocy.pl\/?p=228"]}]},{"@type":"BreadcrumbList","@id":"https:\/\/siemianowiceprzeciwprzemocy.pl\/?p=228#breadcrumb","itemListElement":[{"@type":"ListItem","position":1,"name":"Strona g\u0142\u00f3wna","item":"https:\/\/siemianowiceprzeciwprzemocy.pl\/"},{"@type":"ListItem","position":2,"name":"Konferencja \u201eSiemianowice przeciw przemocy\u201d"}]},{"@type":"WebSite","@id":"https:\/\/siemianowiceprzeciwprzemocy.pl\/#website","url":"https:\/\/siemianowiceprzeciwprzemocy.pl\/","name":"Siemianowice Przeciw Przemocy","description":"Centrum dla Rodzin","potentialAction":[{"@type":"SearchAction","target":{"@type":"EntryPoint","urlTemplate":"https:\/\/siemianowiceprzeciwprzemocy.pl\/?s={search_term_string}"},"query-input":"required name=search_term_string"}],"inLanguage":"en-US"},{"@type":"Person","@id":"https:\/\/siemianowiceprzeciwprzemocy.pl\/#\/schema\/person\/46f5574658757dbe3723eb7010b123b3","name":"Gosia","image":{"@type":"ImageObject","inLanguage":"en-US","@id":"https:\/\/siemianowiceprzeciwprzemocy.pl\/#\/schema\/person\/image\/","url":"https:\/\/secure.gravatar.com\/avatar\/328054ad6b4d071b1de3a8959935cc05922c21feb9c20b82ae2bf73f9982c4bc?s=96&d=mm&r=g","contentUrl":"https:\/\/secure.gravatar.com\/avatar\/328054ad6b4d071b1de3a8959935cc05922c21feb9c20b82ae2bf73f9982c4bc?s=96&d=mm&r=g","caption":"Gosia"},"url":"https:\/\/siemianowiceprzeciwprzemocy.pl\/?author=4"}]}},"_links":{"self":[{"href":"https:\/\/siemianowiceprzeciwprzemocy.pl\/index.php?rest_route=\/wp\/v2\/posts\/228","targetHints":{"allow":["GET"]}}],"collection":[{"href":"https:\/\/siemianowiceprzeciwprzemocy.pl\/index.php?rest_route=\/wp\/v2\/posts"}],"about":[{"href":"https:\/\/siemianowiceprzeciwprzemocy.pl\/index.php?rest_route=\/wp\/v2\/types\/post"}],"author":[{"embeddable":true,"href":"https:\/\/siemianowiceprzeciwprzemocy.pl\/index.php?rest_route=\/wp\/v2\/users\/4"}],"replies":[{"embeddable":true,"href":"https:\/\/siemianowiceprzeciwprzemocy.pl\/index.php?rest_route=%2Fwp%2Fv2%2Fcomments&post=228"}],"version-history":[{"count":5,"href":"https:\/\/siemianowiceprzeciwprzemocy.pl\/index.php?rest_route=\/wp\/v2\/posts\/228\/revisions"}],"predecessor-version":[{"id":281,"href":"https:\/\/siemianowiceprzeciwprzemocy.pl\/index.php?rest_route=\/wp\/v2\/posts\/228\/revisions\/281"}],"wp:featuredmedia":[{"embeddable":true,"href":"https:\/\/siemianowiceprzeciwprzemocy.pl\/index.php?rest_route=\/wp\/v2\/media\/230"}],"wp:attachment":[{"href":"https:\/\/siemianowiceprzeciwprzemocy.pl\/index.php?rest_route=%2Fwp%2Fv2%2Fmedia&parent=228"}],"wp:term":[{"taxonomy":"category","embeddable":true,"href":"https:\/\/siemianowiceprzeciwprzemocy.pl\/index.php?rest_route=%2Fwp%2Fv2%2Fcategories&post=228"},{"taxonomy":"post_tag","embeddable":true,"href":"https:\/\/siemianowiceprzeciwprzemocy.pl\/index.php?rest_route=%2Fwp%2Fv2%2Ftags&post=228"}],"curies":[{"name":"wp","href":"https:\/\/api.w.org\/{rel}","templated":true}]}}