{"id":238,"date":"2023-04-05T13:54:00","date_gmt":"2023-04-05T11:54:00","guid":{"rendered":"https:\/\/siemianowiceprzeciwprzemocy.pl\/?p=238"},"modified":"2023-10-18T14:29:29","modified_gmt":"2023-10-18T12:29:29","slug":"warsztaty-integracyjne","status":"publish","type":"post","link":"https:\/\/siemianowiceprzeciwprzemocy.pl\/?p=238","title":{"rendered":"Warsztaty integrcyjne"},"content":{"rendered":"\n<p>W dniach 03.04.04.2023r. w O\u015brodku Interwencji Kryzysowej odby\u0142y si\u0119 warsztaty integracyjne dla Specjalist\u00f3w zajmuj\u0105cych si\u0119 problemem przemocy domowej na terenie miasta Siemianowice \u015al\u0105skie. Celem warsztat\u00f3w by\u0142a integracja oraz zbudowanie relacji w\u015br\u00f3d os\u00f3b pracuj\u0105cych w obszarze przeciwdzia\u0142ania przemocy w rodzinie, rozwijanie umiej\u0119tno\u015bci komunikacyjnych oraz pracy w grupie. W warsztatach udzia\u0142 wzi\u0119\u0142o 40 os\u00f3b, w tym pracownicy MOPS, kuratorzy z S\u0105du Rejonowego, pracownicy O\u015brodka Interwencji Kryzysowej, funkcjonariusze Komendy Miejskiej Policji.<\/p>\n\n\n\n<figure class=\"wp-block-gallery has-nested-images columns-default is-cropped wp-block-gallery-1 is-layout-flex wp-block-gallery-is-layout-flex\">\n<figure class=\"wp-block-image size-large\"><img decoding=\"async\" width=\"800\" height=\"600\" data-id=\"239\" src=\"https:\/\/siemianowiceprzeciwprzemocy.pl\/wp-content\/uploads\/2023\/10\/warsztaty-1.jpg\" alt=\"\" class=\"wp-image-239\" srcset=\"https:\/\/siemianowiceprzeciwprzemocy.pl\/wp-content\/uploads\/2023\/10\/warsztaty-1.jpg 800w, https:\/\/siemianowiceprzeciwprzemocy.pl\/wp-content\/uploads\/2023\/10\/warsztaty-1-480x360.jpg 480w\" sizes=\"(min-width: 0px) and (max-width: 480px) 480px, (min-width: 481px) 800px, 100vw\" \/><\/figure>\n\n\n\n<figure class=\"wp-block-image size-large\"><img decoding=\"async\" width=\"800\" height=\"600\" data-id=\"240\" src=\"https:\/\/siemianowiceprzeciwprzemocy.pl\/wp-content\/uploads\/2023\/10\/warsztaty-2.jpg\" alt=\"\" class=\"wp-image-240\" srcset=\"https:\/\/siemianowiceprzeciwprzemocy.pl\/wp-content\/uploads\/2023\/10\/warsztaty-2.jpg 800w, https:\/\/siemianowiceprzeciwprzemocy.pl\/wp-content\/uploads\/2023\/10\/warsztaty-2-480x360.jpg 480w\" sizes=\"(min-width: 0px) and (max-width: 480px) 480px, (min-width: 481px) 800px, 100vw\" \/><\/figure>\n<\/figure>\n","protected":false},"excerpt":{"rendered":"<p>W dniach 03.04.04.2023r. w O\u015brodku Interwencji Kryzysowej odby\u0142y si\u0119 warsztaty integracyjne dla Specjalist\u00f3w zajmuj\u0105cych si\u0119 problemem przemocy domowej na terenie miasta Siemianowice \u015al\u0105skie. Celem warsztat\u00f3w by\u0142a integracja oraz zbudowanie relacji w\u015br\u00f3d os\u00f3b pracuj\u0105cych w obszarze przeciwdzia\u0142ania przemocy w rodzinie, rozwijanie umiej\u0119tno\u015bci komunikacyjnych oraz pracy w grupie. W warsztatach udzia\u0142 wzi\u0119\u0142o 40 os\u00f3b, w tym pracownicy [&hellip;]<\/p>\n","protected":false},"author":4,"featured_media":239,"comment_status":"closed","ping_status":"open","sticky":false,"template":"","format":"standard","meta":{"_et_pb_use_builder":"off","_et_pb_old_content":"","_et_gb_content_width":"","footnotes":""},"categories":[1],"tags":[],"class_list":["post-238","post","type-post","status-publish","format-standard","has-post-thumbnail","hentry","category-bez-kategorii"],"yoast_head":"<!-- This site is optimized with the Yoast SEO plugin v21.4 - https:\/\/yoast.com\/wordpress\/plugins\/seo\/ -->\n<title>Warsztaty integrcyjne - Siemianowice Przeciw Przemocy<\/title>\n<meta name=\"robots\" content=\"index, follow, max-snippet:-1, max-image-preview:large, max-video-preview:-1\" \/>\n<link rel=\"canonical\" href=\"https:\/\/siemianowiceprzeciwprzemocy.pl\/?p=238\" \/>\n<meta property=\"og:locale\" content=\"en_US\" \/>\n<meta property=\"og:type\" content=\"article\" \/>\n<meta property=\"og:title\" content=\"Warsztaty integrcyjne - Siemianowice Przeciw Przemocy\" \/>\n<meta property=\"og:description\" content=\"W dniach 03.04.04.2023r. w O\u015brodku Interwencji Kryzysowej odby\u0142y si\u0119 warsztaty integracyjne dla Specjalist\u00f3w zajmuj\u0105cych si\u0119 problemem przemocy domowej na terenie miasta Siemianowice \u015al\u0105skie. Celem warsztat\u00f3w by\u0142a integracja oraz zbudowanie relacji w\u015br\u00f3d os\u00f3b pracuj\u0105cych w obszarze przeciwdzia\u0142ania przemocy w rodzinie, rozwijanie umiej\u0119tno\u015bci komunikacyjnych oraz pracy w grupie. W warsztatach udzia\u0142 wzi\u0119\u0142o 40 os\u00f3b, w tym pracownicy [&hellip;]\" \/>\n<meta property=\"og:url\" content=\"https:\/\/siemianowiceprzeciwprzemocy.pl\/?p=238\" \/>\n<meta property=\"og:site_name\" content=\"Siemianowice Przeciw Przemocy\" \/>\n<meta property=\"article:published_time\" content=\"2023-04-05T11:54:00+00:00\" \/>\n<meta property=\"article:modified_time\" content=\"2023-10-18T12:29:29+00:00\" \/>\n<meta property=\"og:image\" content=\"https:\/\/siemianowiceprzeciwprzemocy.pl\/wp-content\/uploads\/2023\/10\/warsztaty-1.jpg\" \/>\n\t<meta property=\"og:image:width\" content=\"800\" \/>\n\t<meta property=\"og:image:height\" content=\"600\" \/>\n\t<meta property=\"og:image:type\" content=\"image\/jpeg\" \/>\n<meta name=\"author\" content=\"Gosia\" \/>\n<meta name=\"twitter:card\" content=\"summary_large_image\" \/>\n<meta name=\"twitter:label1\" content=\"Written by\" \/>\n\t<meta name=\"twitter:data1\" content=\"Gosia\" \/>\n\t<meta name=\"twitter:label2\" content=\"Est. reading time\" \/>\n\t<meta name=\"twitter:data2\" content=\"1 minute\" \/>\n<script type=\"application\/ld+json\" class=\"yoast-schema-graph\">{\"@context\":\"https:\/\/schema.org\",\"@graph\":[{\"@type\":\"WebPage\",\"@id\":\"https:\/\/siemianowiceprzeciwprzemocy.pl\/?p=238\",\"url\":\"https:\/\/siemianowiceprzeciwprzemocy.pl\/?p=238\",\"name\":\"Warsztaty integrcyjne - Siemianowice Przeciw Przemocy\",\"isPartOf\":{\"@id\":\"https:\/\/siemianowiceprzeciwprzemocy.pl\/#website\"},\"datePublished\":\"2023-04-05T11:54:00+00:00\",\"dateModified\":\"2023-10-18T12:29:29+00:00\",\"author\":{\"@id\":\"https:\/\/siemianowiceprzeciwprzemocy.pl\/#\/schema\/person\/46f5574658757dbe3723eb7010b123b3\"},\"breadcrumb\":{\"@id\":\"https:\/\/siemianowiceprzeciwprzemocy.pl\/?p=238#breadcrumb\"},\"inLanguage\":\"en-US\",\"potentialAction\":[{\"@type\":\"ReadAction\",\"target\":[\"https:\/\/siemianowiceprzeciwprzemocy.pl\/?p=238\"]}]},{\"@type\":\"BreadcrumbList\",\"@id\":\"https:\/\/siemianowiceprzeciwprzemocy.pl\/?p=238#breadcrumb\",\"itemListElement\":[{\"@type\":\"ListItem\",\"position\":1,\"name\":\"Strona g\u0142\u00f3wna\",\"item\":\"https:\/\/siemianowiceprzeciwprzemocy.pl\/\"},{\"@type\":\"ListItem\",\"position\":2,\"name\":\"Warsztaty integrcyjne\"}]},{\"@type\":\"WebSite\",\"@id\":\"https:\/\/siemianowiceprzeciwprzemocy.pl\/#website\",\"url\":\"https:\/\/siemianowiceprzeciwprzemocy.pl\/\",\"name\":\"Siemianowice Przeciw Przemocy\",\"description\":\"Centrum dla Rodzin\",\"potentialAction\":[{\"@type\":\"SearchAction\",\"target\":{\"@type\":\"EntryPoint\",\"urlTemplate\":\"https:\/\/siemianowiceprzeciwprzemocy.pl\/?s={search_term_string}\"},\"query-input\":\"required name=search_term_string\"}],\"inLanguage\":\"en-US\"},{\"@type\":\"Person\",\"@id\":\"https:\/\/siemianowiceprzeciwprzemocy.pl\/#\/schema\/person\/46f5574658757dbe3723eb7010b123b3\",\"name\":\"Gosia\",\"image\":{\"@type\":\"ImageObject\",\"inLanguage\":\"en-US\",\"@id\":\"https:\/\/siemianowiceprzeciwprzemocy.pl\/#\/schema\/person\/image\/\",\"url\":\"https:\/\/secure.gravatar.com\/avatar\/328054ad6b4d071b1de3a8959935cc05922c21feb9c20b82ae2bf73f9982c4bc?s=96&d=mm&r=g\",\"contentUrl\":\"https:\/\/secure.gravatar.com\/avatar\/328054ad6b4d071b1de3a8959935cc05922c21feb9c20b82ae2bf73f9982c4bc?s=96&d=mm&r=g\",\"caption\":\"Gosia\"},\"url\":\"https:\/\/siemianowiceprzeciwprzemocy.pl\/?author=4\"}]}<\/script>\n<!-- \/ Yoast SEO plugin. -->","yoast_head_json":{"title":"Warsztaty integrcyjne - Siemianowice Przeciw Przemocy","robots":{"index":"index","follow":"follow","max-snippet":"max-snippet:-1","max-image-preview":"max-image-preview:large","max-video-preview":"max-video-preview:-1"},"canonical":"https:\/\/siemianowiceprzeciwprzemocy.pl\/?p=238","og_locale":"en_US","og_type":"article","og_title":"Warsztaty integrcyjne - Siemianowice Przeciw Przemocy","og_description":"W dniach 03.04.04.2023r. w O\u015brodku Interwencji Kryzysowej odby\u0142y si\u0119 warsztaty integracyjne dla Specjalist\u00f3w zajmuj\u0105cych si\u0119 problemem przemocy domowej na terenie miasta Siemianowice \u015al\u0105skie. Celem warsztat\u00f3w by\u0142a integracja oraz zbudowanie relacji w\u015br\u00f3d os\u00f3b pracuj\u0105cych w obszarze przeciwdzia\u0142ania przemocy w rodzinie, rozwijanie umiej\u0119tno\u015bci komunikacyjnych oraz pracy w grupie. W warsztatach udzia\u0142 wzi\u0119\u0142o 40 os\u00f3b, w tym pracownicy [&hellip;]","og_url":"https:\/\/siemianowiceprzeciwprzemocy.pl\/?p=238","og_site_name":"Siemianowice Przeciw Przemocy","article_published_time":"2023-04-05T11:54:00+00:00","article_modified_time":"2023-10-18T12:29:29+00:00","og_image":[{"width":800,"height":600,"url":"https:\/\/siemianowiceprzeciwprzemocy.pl\/wp-content\/uploads\/2023\/10\/warsztaty-1.jpg","type":"image\/jpeg"}],"author":"Gosia","twitter_card":"summary_large_image","twitter_misc":{"Written by":"Gosia","Est. reading time":"1 minute"},"schema":{"@context":"https:\/\/schema.org","@graph":[{"@type":"WebPage","@id":"https:\/\/siemianowiceprzeciwprzemocy.pl\/?p=238","url":"https:\/\/siemianowiceprzeciwprzemocy.pl\/?p=238","name":"Warsztaty integrcyjne - Siemianowice Przeciw Przemocy","isPartOf":{"@id":"https:\/\/siemianowiceprzeciwprzemocy.pl\/#website"},"datePublished":"2023-04-05T11:54:00+00:00","dateModified":"2023-10-18T12:29:29+00:00","author":{"@id":"https:\/\/siemianowiceprzeciwprzemocy.pl\/#\/schema\/person\/46f5574658757dbe3723eb7010b123b3"},"breadcrumb":{"@id":"https:\/\/siemianowiceprzeciwprzemocy.pl\/?p=238#breadcrumb"},"inLanguage":"en-US","potentialAction":[{"@type":"ReadAction","target":["https:\/\/siemianowiceprzeciwprzemocy.pl\/?p=238"]}]},{"@type":"BreadcrumbList","@id":"https:\/\/siemianowiceprzeciwprzemocy.pl\/?p=238#breadcrumb","itemListElement":[{"@type":"ListItem","position":1,"name":"Strona g\u0142\u00f3wna","item":"https:\/\/siemianowiceprzeciwprzemocy.pl\/"},{"@type":"ListItem","position":2,"name":"Warsztaty integrcyjne"}]},{"@type":"WebSite","@id":"https:\/\/siemianowiceprzeciwprzemocy.pl\/#website","url":"https:\/\/siemianowiceprzeciwprzemocy.pl\/","name":"Siemianowice Przeciw Przemocy","description":"Centrum dla Rodzin","potentialAction":[{"@type":"SearchAction","target":{"@type":"EntryPoint","urlTemplate":"https:\/\/siemianowiceprzeciwprzemocy.pl\/?s={search_term_string}"},"query-input":"required name=search_term_string"}],"inLanguage":"en-US"},{"@type":"Person","@id":"https:\/\/siemianowiceprzeciwprzemocy.pl\/#\/schema\/person\/46f5574658757dbe3723eb7010b123b3","name":"Gosia","image":{"@type":"ImageObject","inLanguage":"en-US","@id":"https:\/\/siemianowiceprzeciwprzemocy.pl\/#\/schema\/person\/image\/","url":"https:\/\/secure.gravatar.com\/avatar\/328054ad6b4d071b1de3a8959935cc05922c21feb9c20b82ae2bf73f9982c4bc?s=96&d=mm&r=g","contentUrl":"https:\/\/secure.gravatar.com\/avatar\/328054ad6b4d071b1de3a8959935cc05922c21feb9c20b82ae2bf73f9982c4bc?s=96&d=mm&r=g","caption":"Gosia"},"url":"https:\/\/siemianowiceprzeciwprzemocy.pl\/?author=4"}]}},"_links":{"self":[{"href":"https:\/\/siemianowiceprzeciwprzemocy.pl\/index.php?rest_route=\/wp\/v2\/posts\/238","targetHints":{"allow":["GET"]}}],"collection":[{"href":"https:\/\/siemianowiceprzeciwprzemocy.pl\/index.php?rest_route=\/wp\/v2\/posts"}],"about":[{"href":"https:\/\/siemianowiceprzeciwprzemocy.pl\/index.php?rest_route=\/wp\/v2\/types\/post"}],"author":[{"embeddable":true,"href":"https:\/\/siemianowiceprzeciwprzemocy.pl\/index.php?rest_route=\/wp\/v2\/users\/4"}],"replies":[{"embeddable":true,"href":"https:\/\/siemianowiceprzeciwprzemocy.pl\/index.php?rest_route=%2Fwp%2Fv2%2Fcomments&post=238"}],"version-history":[{"count":2,"href":"https:\/\/siemianowiceprzeciwprzemocy.pl\/index.php?rest_route=\/wp\/v2\/posts\/238\/revisions"}],"predecessor-version":[{"id":245,"href":"https:\/\/siemianowiceprzeciwprzemocy.pl\/index.php?rest_route=\/wp\/v2\/posts\/238\/revisions\/245"}],"wp:featuredmedia":[{"embeddable":true,"href":"https:\/\/siemianowiceprzeciwprzemocy.pl\/index.php?rest_route=\/wp\/v2\/media\/239"}],"wp:attachment":[{"href":"https:\/\/siemianowiceprzeciwprzemocy.pl\/index.php?rest_route=%2Fwp%2Fv2%2Fmedia&parent=238"}],"wp:term":[{"taxonomy":"category","embeddable":true,"href":"https:\/\/siemianowiceprzeciwprzemocy.pl\/index.php?rest_route=%2Fwp%2Fv2%2Fcategories&post=238"},{"taxonomy":"post_tag","embeddable":true,"href":"https:\/\/siemianowiceprzeciwprzemocy.pl\/index.php?rest_route=%2Fwp%2Fv2%2Ftags&post=238"}],"curies":[{"name":"wp","href":"https:\/\/api.w.org\/{rel}","templated":true}]}}