{"id":98,"date":"2022-09-26T10:25:00","date_gmt":"2022-09-26T08:25:00","guid":{"rendered":"https:\/\/siemianowiceprzeciwprzemocy.pl\/?p=98"},"modified":"2023-10-18T14:30:06","modified_gmt":"2023-10-18T12:30:06","slug":"otwarcie-centrum-dla-rodzin-w-siemianowicach-slaskich","status":"publish","type":"post","link":"https:\/\/siemianowiceprzeciwprzemocy.pl\/?p=98","title":{"rendered":"Otwarcie Centrum dla Rodzin w Siemianowicach \u015al\u0105skich"},"content":{"rendered":"\n<h2 class=\"wp-block-heading\">W poniedzia\u0142ek 25 wrze\u015bnia odby\u0142o si\u0119 oficjalne otwarcie utworzonego w ramach projektu pn. \u201eSiemianowice przeciw przemocy\u201d Centrum dla Rodzin, kt\u00f3re mie\u015bci si\u0119 przy ul. Wr\u00f3blewskiego 10 w <a href=\"https:\/\/siemianowice.net.pl\/w,um---urzad-miasta,5,804.html\">Siemianowicach \u015al\u0105skich<\/a>.<\/h2>\n\n\n\n<hr class=\"wp-block-separator alignfull has-alpha-channel-opacity is-style-wide\"\/>\n\n\n\n<h3 class=\"wp-block-heading\">Siemianowice \u015al\u0105skie stawiaj\u0105 czo\u0142a przemocy domowej<\/h3>\n\n\n\n<p>Na uroczyste otwarcie Centrum dla Rodzin przybyli zaproszeni go\u015bcie, w tym Pani Beata Ga\u0142ecka \u2013 II Zast\u0119pca Prezydenta Miasta Siemianowic \u015al\u0105skich, Pani Anna Zasada-Chorab \u2013 Dyrektor Regionalnego O\u015brodka Polityki Spo\u0142ecznej Wojew\u00f3dztwa \u015al\u0105skiego, Pani Katarzyna Jo\u0144czyk \u2013 Naczelnik Wydzia\u0142u Polityki Spo\u0142ecznej Urz\u0119du Miasta w Siemianowicach \u015al\u0105skich oraz przedstawiciele wielu innych, na co dzie\u0144 wsp\u00f3\u0142pracuj\u0105cych z Miejskim O\u015brodkiem Pomocy Spo\u0142ecznej instytucji.<\/p>\n\n\n\n<p>Centrum dla Rodzin zosta\u0142o utworzone w ramach realizowanego projektu pn. \u201eSiemianowice przeciw przemocy\u201d (program \u201eSprawiedliwo\u015b\u0107\u201d) finansowanego ze \u015brodk\u00f3w krajowych i norweskich. Realizatorem projektu jest Miejski O\u015brodek Pomocy Spo\u0142ecznej w Siemianowicach \u015al\u0105skich, kt\u00f3ry w swych dzia\u0142aniach wspierany jest przez O\u015brodek Interwencji Kryzysowej oraz Komend\u0119 Miejsk\u0105 Policji.<\/p>\n\n\n\n<p>Centrum dla Rodzin oferuje bezp\u0142atn\u0105 pomoc rodzinom z naszego miasta. Nasze wsparcie ukierunkowane jest przede wszystkim na popraw\u0119 relacji mi\u0119dzy partnerami czy ma\u0142\u017conkami poprzez kszta\u0142towanie umiej\u0119tno\u015bci komunikacyjnych, konstruktywne rozwi\u0105zywanie konflikt\u00f3w oraz rozw\u00f3j i wzmacnianie kompetencji wychowawczych.<\/p>\n\n\n\n<p><\/p>\n\n\n\n<h3 class=\"wp-block-heading\">Pomoc do uzyskania w Centrum dla Rodzin<\/h3>\n\n\n\n<p>Osoby zg\u0142aszaj\u0105ce si\u0119 do Centrum dla Rodzin mog\u0105 skorzysta\u0107 z poradnictwa rodzinnego, socjalnego oraz prawnego. W plac\u00f3wce prowadzone s\u0105 spotkania grupy edukacyjnej, kt\u00f3rej celem jest wzmacnianie wi\u0119zi rodzinnych, w kt\u00f3rych udzia\u0142 bior\u0105 rodzice z dzie\u0107mi. Dzia\u0142a r\u00f3wnie\u017c Klub ojc\u00f3w i matek maj\u0105cy charakter grupy wsparcia dla rodzic\u00f3w borykaj\u0105cych si\u0119 z problemami wychowawczymi. Ponadto rodziny, kt\u00f3re si\u0119 do nas zg\u0142aszaj\u0105 maj\u0105 mo\u017cliwo\u015b\u0107 uczestnictwa w warsztatach budowania pewno\u015bci siebie po\u0142\u0105czonego z kursem samoobrony oraz treningach zast\u0119powania agresji.<\/p>\n\n\n\n<blockquote class=\"wp-block-quote is-layout-flow wp-block-quote-is-layout-flow\">\n<p><em>Centrum dla Rodzin mie\u015bci si\u0119 przy ul. Wr\u00f3blewskiego 10 w Siemianowicach \u015al\u0105skich. Wszystkich zainteresowanych oferowanym wsparciem zapraszamy w godzinach 7:00 \u2013 15:00 od poniedzia\u0142ku do pi\u0105tku. Jeste\u015bmy te\u017c dost\u0119pni pod nr 696 \u2013 536 \u2013 381. &#8211; zapraszaj\u0105 w\u0142a\u015bciciele<\/em><\/p>\n<\/blockquote>\n\n\n\n<p>Zgodnie z potrzebami rodzin, kt\u00f3re uczestnicz\u0105 ju\u017c w dzia\u0142aniach Centrum, spotkania dla rodzin odbywaj\u0105 si\u0119 r\u00f3wnie\u017c w godzinach popo\u0142udniowych.<\/p>\n","protected":false},"excerpt":{"rendered":"<p>W poniedzia\u0142ek 25 wrze\u015bnia odby\u0142o si\u0119 oficjalne otwarcie utworzonego w ramach projektu pn. \u201eSiemianowice przeciw przemocy\u201d Centrum dla Rodzin, kt\u00f3re mie\u015bci si\u0119 przy ul. Wr\u00f3blewskiego 10 w Siemianowicach \u015al\u0105skich. Siemianowice \u015al\u0105skie stawiaj\u0105 czo\u0142a przemocy domowej Na uroczyste otwarcie Centrum dla Rodzin przybyli zaproszeni go\u015bcie, w tym Pani Beata Ga\u0142ecka \u2013 II Zast\u0119pca Prezydenta Miasta Siemianowic [&hellip;]<\/p>\n","protected":false},"author":4,"featured_media":100,"comment_status":"open","ping_status":"open","sticky":false,"template":"","format":"standard","meta":{"_et_pb_use_builder":"off","_et_pb_old_content":"","_et_gb_content_width":"","footnotes":""},"categories":[1],"tags":[],"class_list":["post-98","post","type-post","status-publish","format-standard","has-post-thumbnail","hentry","category-bez-kategorii"],"yoast_head":"<!-- This site is optimized with the Yoast SEO plugin v21.4 - https:\/\/yoast.com\/wordpress\/plugins\/seo\/ -->\n<title>Otwarcie Centrum dla Rodzin w Siemianowicach \u015al\u0105skich - Siemianowice Przeciw Przemocy<\/title>\n<meta name=\"robots\" content=\"index, follow, max-snippet:-1, max-image-preview:large, max-video-preview:-1\" \/>\n<link rel=\"canonical\" href=\"https:\/\/siemianowiceprzeciwprzemocy.pl\/?p=98\" \/>\n<meta property=\"og:locale\" content=\"en_US\" \/>\n<meta property=\"og:type\" content=\"article\" \/>\n<meta property=\"og:title\" content=\"Otwarcie Centrum dla Rodzin w Siemianowicach \u015al\u0105skich - Siemianowice Przeciw Przemocy\" \/>\n<meta property=\"og:description\" content=\"W poniedzia\u0142ek 25 wrze\u015bnia odby\u0142o si\u0119 oficjalne otwarcie utworzonego w ramach projektu pn. \u201eSiemianowice przeciw przemocy\u201d Centrum dla Rodzin, kt\u00f3re mie\u015bci si\u0119 przy ul. Wr\u00f3blewskiego 10 w Siemianowicach \u015al\u0105skich. Siemianowice \u015al\u0105skie stawiaj\u0105 czo\u0142a przemocy domowej Na uroczyste otwarcie Centrum dla Rodzin przybyli zaproszeni go\u015bcie, w tym Pani Beata Ga\u0142ecka \u2013 II Zast\u0119pca Prezydenta Miasta Siemianowic [&hellip;]\" \/>\n<meta property=\"og:url\" content=\"https:\/\/siemianowiceprzeciwprzemocy.pl\/?p=98\" \/>\n<meta property=\"og:site_name\" content=\"Siemianowice Przeciw Przemocy\" \/>\n<meta property=\"article:published_time\" content=\"2022-09-26T08:25:00+00:00\" \/>\n<meta property=\"article:modified_time\" content=\"2023-10-18T12:30:06+00:00\" \/>\n<meta property=\"og:image\" content=\"https:\/\/siemianowiceprzeciwprzemocy.pl\/wp-content\/uploads\/2023\/10\/grafika-post-min.jpg\" \/>\n\t<meta property=\"og:image:width\" content=\"1985\" \/>\n\t<meta property=\"og:image:height\" content=\"1256\" \/>\n\t<meta property=\"og:image:type\" content=\"image\/jpeg\" \/>\n<meta name=\"author\" content=\"Gosia\" \/>\n<meta name=\"twitter:card\" content=\"summary_large_image\" \/>\n<meta name=\"twitter:label1\" content=\"Written by\" \/>\n\t<meta name=\"twitter:data1\" content=\"Gosia\" \/>\n\t<meta name=\"twitter:label2\" content=\"Est. reading time\" \/>\n\t<meta name=\"twitter:data2\" content=\"2 minutes\" \/>\n<script type=\"application\/ld+json\" class=\"yoast-schema-graph\">{\"@context\":\"https:\/\/schema.org\",\"@graph\":[{\"@type\":\"WebPage\",\"@id\":\"https:\/\/siemianowiceprzeciwprzemocy.pl\/?p=98\",\"url\":\"https:\/\/siemianowiceprzeciwprzemocy.pl\/?p=98\",\"name\":\"Otwarcie Centrum dla Rodzin w Siemianowicach \u015al\u0105skich - Siemianowice Przeciw Przemocy\",\"isPartOf\":{\"@id\":\"https:\/\/siemianowiceprzeciwprzemocy.pl\/#website\"},\"datePublished\":\"2022-09-26T08:25:00+00:00\",\"dateModified\":\"2023-10-18T12:30:06+00:00\",\"author\":{\"@id\":\"https:\/\/siemianowiceprzeciwprzemocy.pl\/#\/schema\/person\/46f5574658757dbe3723eb7010b123b3\"},\"breadcrumb\":{\"@id\":\"https:\/\/siemianowiceprzeciwprzemocy.pl\/?p=98#breadcrumb\"},\"inLanguage\":\"en-US\",\"potentialAction\":[{\"@type\":\"ReadAction\",\"target\":[\"https:\/\/siemianowiceprzeciwprzemocy.pl\/?p=98\"]}]},{\"@type\":\"BreadcrumbList\",\"@id\":\"https:\/\/siemianowiceprzeciwprzemocy.pl\/?p=98#breadcrumb\",\"itemListElement\":[{\"@type\":\"ListItem\",\"position\":1,\"name\":\"Strona g\u0142\u00f3wna\",\"item\":\"https:\/\/siemianowiceprzeciwprzemocy.pl\/\"},{\"@type\":\"ListItem\",\"position\":2,\"name\":\"Otwarcie Centrum dla Rodzin w&nbsp;Siemianowicach \u015al\u0105skich\"}]},{\"@type\":\"WebSite\",\"@id\":\"https:\/\/siemianowiceprzeciwprzemocy.pl\/#website\",\"url\":\"https:\/\/siemianowiceprzeciwprzemocy.pl\/\",\"name\":\"Siemianowice Przeciw Przemocy\",\"description\":\"Centrum dla Rodzin\",\"potentialAction\":[{\"@type\":\"SearchAction\",\"target\":{\"@type\":\"EntryPoint\",\"urlTemplate\":\"https:\/\/siemianowiceprzeciwprzemocy.pl\/?s={search_term_string}\"},\"query-input\":\"required name=search_term_string\"}],\"inLanguage\":\"en-US\"},{\"@type\":\"Person\",\"@id\":\"https:\/\/siemianowiceprzeciwprzemocy.pl\/#\/schema\/person\/46f5574658757dbe3723eb7010b123b3\",\"name\":\"Gosia\",\"image\":{\"@type\":\"ImageObject\",\"inLanguage\":\"en-US\",\"@id\":\"https:\/\/siemianowiceprzeciwprzemocy.pl\/#\/schema\/person\/image\/\",\"url\":\"https:\/\/secure.gravatar.com\/avatar\/328054ad6b4d071b1de3a8959935cc05922c21feb9c20b82ae2bf73f9982c4bc?s=96&d=mm&r=g\",\"contentUrl\":\"https:\/\/secure.gravatar.com\/avatar\/328054ad6b4d071b1de3a8959935cc05922c21feb9c20b82ae2bf73f9982c4bc?s=96&d=mm&r=g\",\"caption\":\"Gosia\"},\"url\":\"https:\/\/siemianowiceprzeciwprzemocy.pl\/?author=4\"}]}<\/script>\n<!-- \/ Yoast SEO plugin. -->","yoast_head_json":{"title":"Otwarcie Centrum dla Rodzin w Siemianowicach \u015al\u0105skich - Siemianowice Przeciw Przemocy","robots":{"index":"index","follow":"follow","max-snippet":"max-snippet:-1","max-image-preview":"max-image-preview:large","max-video-preview":"max-video-preview:-1"},"canonical":"https:\/\/siemianowiceprzeciwprzemocy.pl\/?p=98","og_locale":"en_US","og_type":"article","og_title":"Otwarcie Centrum dla Rodzin w Siemianowicach \u015al\u0105skich - Siemianowice Przeciw Przemocy","og_description":"W poniedzia\u0142ek 25 wrze\u015bnia odby\u0142o si\u0119 oficjalne otwarcie utworzonego w ramach projektu pn. \u201eSiemianowice przeciw przemocy\u201d Centrum dla Rodzin, kt\u00f3re mie\u015bci si\u0119 przy ul. Wr\u00f3blewskiego 10 w Siemianowicach \u015al\u0105skich. Siemianowice \u015al\u0105skie stawiaj\u0105 czo\u0142a przemocy domowej Na uroczyste otwarcie Centrum dla Rodzin przybyli zaproszeni go\u015bcie, w tym Pani Beata Ga\u0142ecka \u2013 II Zast\u0119pca Prezydenta Miasta Siemianowic [&hellip;]","og_url":"https:\/\/siemianowiceprzeciwprzemocy.pl\/?p=98","og_site_name":"Siemianowice Przeciw Przemocy","article_published_time":"2022-09-26T08:25:00+00:00","article_modified_time":"2023-10-18T12:30:06+00:00","og_image":[{"width":1985,"height":1256,"url":"https:\/\/siemianowiceprzeciwprzemocy.pl\/wp-content\/uploads\/2023\/10\/grafika-post-min.jpg","type":"image\/jpeg"}],"author":"Gosia","twitter_card":"summary_large_image","twitter_misc":{"Written by":"Gosia","Est. reading time":"2 minutes"},"schema":{"@context":"https:\/\/schema.org","@graph":[{"@type":"WebPage","@id":"https:\/\/siemianowiceprzeciwprzemocy.pl\/?p=98","url":"https:\/\/siemianowiceprzeciwprzemocy.pl\/?p=98","name":"Otwarcie Centrum dla Rodzin w Siemianowicach \u015al\u0105skich - Siemianowice Przeciw Przemocy","isPartOf":{"@id":"https:\/\/siemianowiceprzeciwprzemocy.pl\/#website"},"datePublished":"2022-09-26T08:25:00+00:00","dateModified":"2023-10-18T12:30:06+00:00","author":{"@id":"https:\/\/siemianowiceprzeciwprzemocy.pl\/#\/schema\/person\/46f5574658757dbe3723eb7010b123b3"},"breadcrumb":{"@id":"https:\/\/siemianowiceprzeciwprzemocy.pl\/?p=98#breadcrumb"},"inLanguage":"en-US","potentialAction":[{"@type":"ReadAction","target":["https:\/\/siemianowiceprzeciwprzemocy.pl\/?p=98"]}]},{"@type":"BreadcrumbList","@id":"https:\/\/siemianowiceprzeciwprzemocy.pl\/?p=98#breadcrumb","itemListElement":[{"@type":"ListItem","position":1,"name":"Strona g\u0142\u00f3wna","item":"https:\/\/siemianowiceprzeciwprzemocy.pl\/"},{"@type":"ListItem","position":2,"name":"Otwarcie Centrum dla Rodzin w&nbsp;Siemianowicach \u015al\u0105skich"}]},{"@type":"WebSite","@id":"https:\/\/siemianowiceprzeciwprzemocy.pl\/#website","url":"https:\/\/siemianowiceprzeciwprzemocy.pl\/","name":"Siemianowice Przeciw Przemocy","description":"Centrum dla Rodzin","potentialAction":[{"@type":"SearchAction","target":{"@type":"EntryPoint","urlTemplate":"https:\/\/siemianowiceprzeciwprzemocy.pl\/?s={search_term_string}"},"query-input":"required name=search_term_string"}],"inLanguage":"en-US"},{"@type":"Person","@id":"https:\/\/siemianowiceprzeciwprzemocy.pl\/#\/schema\/person\/46f5574658757dbe3723eb7010b123b3","name":"Gosia","image":{"@type":"ImageObject","inLanguage":"en-US","@id":"https:\/\/siemianowiceprzeciwprzemocy.pl\/#\/schema\/person\/image\/","url":"https:\/\/secure.gravatar.com\/avatar\/328054ad6b4d071b1de3a8959935cc05922c21feb9c20b82ae2bf73f9982c4bc?s=96&d=mm&r=g","contentUrl":"https:\/\/secure.gravatar.com\/avatar\/328054ad6b4d071b1de3a8959935cc05922c21feb9c20b82ae2bf73f9982c4bc?s=96&d=mm&r=g","caption":"Gosia"},"url":"https:\/\/siemianowiceprzeciwprzemocy.pl\/?author=4"}]}},"_links":{"self":[{"href":"https:\/\/siemianowiceprzeciwprzemocy.pl\/index.php?rest_route=\/wp\/v2\/posts\/98","targetHints":{"allow":["GET"]}}],"collection":[{"href":"https:\/\/siemianowiceprzeciwprzemocy.pl\/index.php?rest_route=\/wp\/v2\/posts"}],"about":[{"href":"https:\/\/siemianowiceprzeciwprzemocy.pl\/index.php?rest_route=\/wp\/v2\/types\/post"}],"author":[{"embeddable":true,"href":"https:\/\/siemianowiceprzeciwprzemocy.pl\/index.php?rest_route=\/wp\/v2\/users\/4"}],"replies":[{"embeddable":true,"href":"https:\/\/siemianowiceprzeciwprzemocy.pl\/index.php?rest_route=%2Fwp%2Fv2%2Fcomments&post=98"}],"version-history":[{"count":5,"href":"https:\/\/siemianowiceprzeciwprzemocy.pl\/index.php?rest_route=\/wp\/v2\/posts\/98\/revisions"}],"predecessor-version":[{"id":226,"href":"https:\/\/siemianowiceprzeciwprzemocy.pl\/index.php?rest_route=\/wp\/v2\/posts\/98\/revisions\/226"}],"wp:featuredmedia":[{"embeddable":true,"href":"https:\/\/siemianowiceprzeciwprzemocy.pl\/index.php?rest_route=\/wp\/v2\/media\/100"}],"wp:attachment":[{"href":"https:\/\/siemianowiceprzeciwprzemocy.pl\/index.php?rest_route=%2Fwp%2Fv2%2Fmedia&parent=98"}],"wp:term":[{"taxonomy":"category","embeddable":true,"href":"https:\/\/siemianowiceprzeciwprzemocy.pl\/index.php?rest_route=%2Fwp%2Fv2%2Fcategories&post=98"},{"taxonomy":"post_tag","embeddable":true,"href":"https:\/\/siemianowiceprzeciwprzemocy.pl\/index.php?rest_route=%2Fwp%2Fv2%2Ftags&post=98"}],"curies":[{"name":"wp","href":"https:\/\/api.w.org\/{rel}","templated":true}]}}